{"id":565,"date":"2026-09-02T19:40:56","date_gmt":"2026-09-02T19:40:56","guid":{"rendered":"https:\/\/educacioncontinua.utn.edu.ec\/?p=565"},"modified":"2026-09-02T21:11:11","modified_gmt":"2026-09-02T21:11:11","slug":"webinar-gestion-docente-inclusion","status":"publish","type":"post","link":"https:\/\/educacioncontinua.utn.edu.ec\/index.php\/2026\/09\/02\/webinar-gestion-docente-inclusion\/","title":{"rendered":"Webinar: Gesti\u00f3n Docente &#8211; Inclusi\u00f3n"},"content":{"rendered":"\n<p class=\"wp-block-paragraph\"><strong>Evento acad\u00e9mico dirigido a graduados, estudiantes, docentes y profesionales interesados en fortalecer sus competencias para una educaci\u00f3n inclusiva y de calidad.<\/strong><\/p>\n\n\n\n<p class=\"wp-block-paragraph\">Te invitamos a participar en este espacio acad\u00e9mico y formativo orientado al fortalecimiento de la gesti\u00f3n docente desde un enfoque de inclusi\u00f3n educativa. Durante el webinar se abordar\u00e1n estrategias, herramientas y buenas pr\u00e1cticas que permitan a los docentes responder de manera efectiva a la diversidad de necesidades, caracter\u00edsticas y estilos de aprendizaje presentes en los espacios educativos.<\/p>\n\n\n\n<p class=\"wp-block-paragraph\"><strong>&#x1f3af;Objetivos:<\/strong><\/p>\n\n\n\n<p class=\"wp-block-paragraph\">&#x267f; Comprender los principales enfoques y estrategias para atender la diversidad y promover la participaci\u00f3n de todos los estudiantes en el proceso educativo.<br>&#x1f4a1; Identificar herramientas y metodolog\u00edas inclusivas que puedan ser incorporadas en la planificaci\u00f3n, ense\u00f1anza y evaluaci\u00f3n.<br>&#x1f91d; Promover pr\u00e1cticas docentes que contribuyan a la construcci\u00f3n de espacios educativos accesibles, participativos y libres de discriminaci\u00f3n.<\/p>\n\n\n\n<p class=\"wp-block-paragraph\"><strong>&#x1f31f; Beneficios para los participantes:<\/strong><\/p>\n\n\n\n<p class=\"wp-block-paragraph\">Fortalecer conocimientos y competencias para desarrollar una gesti\u00f3n docente con enfoque inclusivo.<br>Conocer estrategias y herramientas para atender diferentes necesidades y estilos de aprendizaje<br>Incorporar pr\u00e1cticas inclusivas en la planificaci\u00f3n y desarrollo de las actividades acad\u00e9micas.<\/p>\n\n\n\n<p class=\"wp-block-paragraph\"><strong>&#x1f4cc; Informaci\u00f3n del evento:<\/strong><\/p>\n\n\n\n<p class=\"wp-block-paragraph\">&#x1f4c5;<strong> Fecha:<\/strong> 04 de septiembre del 2026<br><strong>&#x1f555; Hora:<\/strong> 18h00<br>&#x1f4b0;<strong> Costo:<\/strong> Gratuito<\/p>\n\n\n\n<p class=\"wp-block-paragraph\"><strong>&#x1f517; Acceso e inscripci\u00f3n:<\/strong><\/p>\n\n\n\n<p class=\"wp-block-paragraph\">&#x1f4f2; Acceso a la capacitaci\u00f3n: <a href=\"https:\/\/cedia.zoom.us\/j\/89348334855\" data-type=\"link\" data-id=\"https:\/\/cedia.zoom.us\/j\/89348334855\">https:\/\/cedia.zoom.us\/j\/89348334855<\/a><br>&#x1f4dd; Inscripci\u00f3n:<a href=\"https:\/\/forms.cloud.microsoft\/r\/qQQgZMFStm\" data-type=\"link\" data-id=\"https:\/\/forms.cloud.microsoft\/r\/qQQgZMFStm\">https:\/\/forms.cloud.microsoft\/r\/qQQgZMFStm<\/a><\/p>\n\n\n\n<figure class=\"wp-block-image size-full is-resized\"><img loading=\"lazy\" decoding=\"async\" width=\"834\" height=\"1024\" src=\"https:\/\/educacioncontinua.utn.edu.ec\/wp-content\/uploads\/2026\/09\/imagen.jpeg\" alt=\"\" class=\"wp-image-592\" style=\"aspect-ratio:0.8144675150703282;width:538px;height:auto\" srcset=\"https:\/\/educacioncontinua.utn.edu.ec\/wp-content\/uploads\/2026\/09\/imagen.jpeg 834w, https:\/\/educacioncontinua.utn.edu.ec\/wp-content\/uploads\/2026\/09\/imagen-244x300.jpeg 244w, https:\/\/educacioncontinua.utn.edu.ec\/wp-content\/uploads\/2026\/09\/imagen-768x943.jpeg 768w\" sizes=\"auto, (max-width: 834px) 100vw, 834px\" \/><\/figure>\n","protected":false},"excerpt":{"rendered":"<p>Evento acad\u00e9mico dirigido a graduados, estudiantes, docentes y profesionales interesados en fortalecer sus competencias para una educaci\u00f3n inclusiva y de calidad. Te invitamos a participar en este espacio acad\u00e9mico y formativo orientado<a class=\"moretag\" href=\"https:\/\/educacioncontinua.utn.edu.ec\/index.php\/2026\/09\/02\/webinar-gestion-docente-inclusion\/\">Read More&#8230;<\/a><\/p>\n","protected":false},"author":4,"featured_media":0,"comment_status":"open","ping_status":"open","sticky":false,"template":"","format":"standard","meta":{"footnotes":""},"categories":[8],"tags":[],"class_list":["post-565","post","type-post","status-publish","format-standard","hentry","category-educacion-continua"],"_links":{"self":[{"href":"https:\/\/educacioncontinua.utn.edu.ec\/index.php\/wp-json\/wp\/v2\/posts\/565","targetHints":{"allow":["GET"]}}],"collection":[{"href":"https:\/\/educacioncontinua.utn.edu.ec\/index.php\/wp-json\/wp\/v2\/posts"}],"about":[{"href":"https:\/\/educacioncontinua.utn.edu.ec\/index.php\/wp-json\/wp\/v2\/types\/post"}],"author":[{"embeddable":true,"href":"https:\/\/educacioncontinua.utn.edu.ec\/index.php\/wp-json\/wp\/v2\/users\/4"}],"replies":[{"embeddable":true,"href":"https:\/\/educacioncontinua.utn.edu.ec\/index.php\/wp-json\/wp\/v2\/comments?post=565"}],"version-history":[{"count":4,"href":"https:\/\/educacioncontinua.utn.edu.ec\/index.php\/wp-json\/wp\/v2\/posts\/565\/revisions"}],"predecessor-version":[{"id":596,"href":"https:\/\/educacioncontinua.utn.edu.ec\/index.php\/wp-json\/wp\/v2\/posts\/565\/revisions\/596"}],"wp:attachment":[{"href":"https:\/\/educacioncontinua.utn.edu.ec\/index.php\/wp-json\/wp\/v2\/media?parent=565"}],"wp:term":[{"taxonomy":"category","embeddable":true,"href":"https:\/\/educacioncontinua.utn.edu.ec\/index.php\/wp-json\/wp\/v2\/categories?post=565"},{"taxonomy":"post_tag","embeddable":true,"href":"https:\/\/educacioncontinua.utn.edu.ec\/index.php\/wp-json\/wp\/v2\/tags?post=565"}],"curies":[{"name":"wp","href":"https:\/\/api.w.org\/{rel}","templated":true}]}}